{"id":7055,"date":"2021-03-18T16:20:08","date_gmt":"2021-03-18T19:20:08","guid":{"rendered":"http:\/\/www.folhanit.com.br\/?p=7055"},"modified":"2021-03-19T16:46:04","modified_gmt":"2021-03-19T19:46:04","slug":"parque-orla-piratininga-entra-na-segunda-fase-de-obras","status":"publish","type":"post","link":"https:\/\/www.folhanit.com.br\/?p=7055","title":{"rendered":"Parque Orla Piratininga entra na segunda fase de obras"},"content":{"rendered":"<p>As obras\u00a0do Parque Orla Piratininga (POP) Alfredo Sirkis, na Regi\u00e3o Oce\u00e2nica, entram em uma nova fase. Foi assinada nesta semana, pelo prefeito Axel Grael, a ordem de in\u00edcio para a segunda etapa de interven\u00e7\u00f5es, que inclui toda a urbaniza\u00e7\u00e3o da \u00e1rea, com implanta\u00e7\u00e3o de pavimenta\u00e7\u00e3o e drenagem, pra\u00e7as e ciclovias.\u00a0O parque contempla a recomposi\u00e7\u00e3o vegetal da orla da Lagoa, abrangendo uma \u00e1rea de mais de 150 mil metros quadrados e a implanta\u00e7\u00e3o de cerca de 10 quil\u00f4metros de sistema ciclovi\u00e1rio ao longo de toda a orla, al\u00e9m de espa\u00e7os para lazer e esporte.<\/p>\n<p>O POP contar\u00e1 com\u00a0p\u00ederes de contempla\u00e7\u00e3o e de pesca, \u00e1reas de lazer, quadra de esporte, brinquedos e academia de gin\u00e1stica. O local ainda abrigar\u00e1 um museu.\u00a0A previs\u00e3o \u00e9 que todo o trabalho esteja conclu\u00eddo em setembro de 2022.<\/p>\n<p>Um dos diferenciais do parque \u00e9 a implanta\u00e7\u00e3o de um sistema de gest\u00e3o de \u00e1guas pluviais composto por bacias de sedimenta\u00e7\u00e3o, jardins filtrantes, jardins de chuva e biovaletas para a capta\u00e7\u00e3o e tratamento das \u00e1guas provenientes dos rios e da rede de drenagem das principais bacias contribuintes \u00e0 Lagoa de Piratininga.<\/p>\n<blockquote><p>\u201c\u00c9 gratificante ver esse projeto saindo do papel, contribuindo com solu\u00e7\u00f5es inovadoras e sustent\u00e1veis para a recupera\u00e7\u00e3o do sistema lagunar. O POP ser\u00e1 um passo fundamental para a despolui\u00e7\u00e3o da lagoa\u201d, afirmou Axel Grael.<\/p><\/blockquote>\n","protected":false},"excerpt":{"rendered":"<p>As obras\u00a0do Parque Orla Piratininga (POP) Alfredo Sirkis, na Regi\u00e3o Oce\u00e2nica, entram em uma nova fase. Foi assinada nesta semana, pelo prefeito Axel Grael, a ordem de in\u00edcio para a segunda etapa de interven\u00e7\u00f5es, que inclui toda a urbaniza\u00e7\u00e3o da \u00e1rea, com implanta\u00e7\u00e3o de pavimenta\u00e7\u00e3o e drenagem, pra\u00e7as e ciclovias.\u00a0O parque contempla a recomposi\u00e7\u00e3o vegetal [&hellip;]<\/p>\n","protected":false},"author":1,"featured_media":0,"comment_status":"closed","ping_status":"closed","sticky":false,"template":"","format":"standard","meta":{"_et_pb_use_builder":"","_et_pb_old_content":"","_et_gb_content_width":"","_mi_skip_tracking":false,"_monsterinsights_sitenote_active":false,"_monsterinsights_sitenote_note":"","_monsterinsights_sitenote_category":0,"footnotes":""},"categories":[3],"tags":[],"_links":{"self":[{"href":"https:\/\/www.folhanit.com.br\/index.php?rest_route=\/wp\/v2\/posts\/7055"}],"collection":[{"href":"https:\/\/www.folhanit.com.br\/index.php?rest_route=\/wp\/v2\/posts"}],"about":[{"href":"https:\/\/www.folhanit.com.br\/index.php?rest_route=\/wp\/v2\/types\/post"}],"author":[{"embeddable":true,"href":"https:\/\/www.folhanit.com.br\/index.php?rest_route=\/wp\/v2\/users\/1"}],"replies":[{"embeddable":true,"href":"https:\/\/www.folhanit.com.br\/index.php?rest_route=%2Fwp%2Fv2%2Fcomments&post=7055"}],"version-history":[{"count":1,"href":"https:\/\/www.folhanit.com.br\/index.php?rest_route=\/wp\/v2\/posts\/7055\/revisions"}],"predecessor-version":[{"id":7057,"href":"https:\/\/www.folhanit.com.br\/index.php?rest_route=\/wp\/v2\/posts\/7055\/revisions\/7057"}],"wp:attachment":[{"href":"https:\/\/www.folhanit.com.br\/index.php?rest_route=%2Fwp%2Fv2%2Fmedia&parent=7055"}],"wp:term":[{"taxonomy":"category","embeddable":true,"href":"https:\/\/www.folhanit.com.br\/index.php?rest_route=%2Fwp%2Fv2%2Fcategories&post=7055"},{"taxonomy":"post_tag","embeddable":true,"href":"https:\/\/www.folhanit.com.br\/index.php?rest_route=%2Fwp%2Fv2%2Ftags&post=7055"}],"curies":[{"name":"wp","href":"https:\/\/api.w.org\/{rel}","templated":true}]}}